{"id":1089,"date":"2018-03-05T21:34:52","date_gmt":"2018-03-05T20:34:52","guid":{"rendered":"http:\/\/www.dianeclub.fr\/?p=1089"},"modified":"2018-03-05T21:34:52","modified_gmt":"2018-03-05T20:34:52","slug":"inter-departemental-loire-haute-loire","status":"publish","type":"post","link":"https:\/\/www.dianeclub-archive.fr\/?p=1089","title":{"rendered":"Inter D\u00e9partemental Loire \/ Haute-Loire"},"content":{"rendered":"<p>Ce dimanche 4 mars avait lieu le concours inter d\u00e9partemental Loire \/ Haute-Loire \u00e0 Saint-Etienne.<\/p>\n<p>Le Diane Club a bien entendu r\u00e9pondu \u00e0 l&rsquo;appel du CD42 qui organisait cette manifestation.<\/p>\n<p>Isabelle, Sylvie, Fr\u00e9d\u00e9ric, Patrice et Michel sont partis repr\u00e9senter le Diane Club dans leur cat\u00e9gorie respective.<\/p>\n<p>Le matin \u00e9tait consacr\u00e9 aux qualifications. \u00c0 la fin de celles-ci il restait encore 4 archers sur 5.<\/p>\n<p>Fr\u00e9d\u00e9ric tirait sa r\u00e9v\u00e9rence sans avoir \u00e0 rougir de son score pour son deuxi\u00e8me concours sur trispot et seulement 5 mois de tir \u00e0 l&rsquo;arc.<\/p>\n<p>14h30 annon\u00e7ait le d\u00e9but des duels. Aux termes de ceux-ci il restait encore 2 archers qualifi\u00e9s pour les finales en Arc \u00e0 Poulies.<br \/>\nPatrice en Super V\u00e9t\u00e9ran et Michel en V\u00e9t\u00e9ran, tous deux finissant \u00e0 la 3i\u00e8me place lors des qualifs.<\/p>\n<p>Michel\u00a0termine finalement\u00a0\u00e0 la troisi\u00e8me place.<\/p>\n<p><a href=\"http:\/\/www.dianeclub-archive.fr\/wp-content\/uploads\/2018\/03\/intercd_2018_Michel.jpg\"><img loading=\"lazy\" decoding=\"async\" class=\"size-medium wp-image-1098 aligncenter\" src=\"http:\/\/www.dianeclub-archive.fr\/wp-content\/uploads\/2018\/03\/intercd_2018_Michel-300x286.jpg\" alt=\"\" width=\"300\" height=\"286\" srcset=\"https:\/\/www.dianeclub-archive.fr\/wp-content\/uploads\/2018\/03\/intercd_2018_Michel-300x286.jpg 300w, https:\/\/www.dianeclub-archive.fr\/wp-content\/uploads\/2018\/03\/intercd_2018_Michel-768x731.jpg 768w, https:\/\/www.dianeclub-archive.fr\/wp-content\/uploads\/2018\/03\/intercd_2018_Michel-800x761.jpg 800w, https:\/\/www.dianeclub-archive.fr\/wp-content\/uploads\/2018\/03\/intercd_2018_Michel-600x571.jpg 600w, https:\/\/www.dianeclub-archive.fr\/wp-content\/uploads\/2018\/03\/intercd_2018_Michel-400x381.jpg 400w, https:\/\/www.dianeclub-archive.fr\/wp-content\/uploads\/2018\/03\/intercd_2018_Michel.jpg 1080w\" sizes=\"auto, (max-width: 300px) 100vw, 300px\" \/><\/a><\/p>\n<p>Patrice quant \u00e0 lui r\u00e9ussi \u00e0 gagner une place et termine\u00a0\u00e0 la deuxi\u00e8me place.<\/p>\n<p><a href=\"http:\/\/www.dianeclub-archive.fr\/wp-content\/uploads\/2018\/03\/intercd_2018_Patrice.jpg\"><img loading=\"lazy\" decoding=\"async\" class=\"size-medium wp-image-1097 aligncenter\" src=\"http:\/\/www.dianeclub-archive.fr\/wp-content\/uploads\/2018\/03\/intercd_2018_Patrice-300x229.jpg\" alt=\"\" width=\"300\" height=\"229\" srcset=\"https:\/\/www.dianeclub-archive.fr\/wp-content\/uploads\/2018\/03\/intercd_2018_Patrice-300x229.jpg 300w, https:\/\/www.dianeclub-archive.fr\/wp-content\/uploads\/2018\/03\/intercd_2018_Patrice-768x586.jpg 768w, https:\/\/www.dianeclub-archive.fr\/wp-content\/uploads\/2018\/03\/intercd_2018_Patrice-800x610.jpg 800w, https:\/\/www.dianeclub-archive.fr\/wp-content\/uploads\/2018\/03\/intercd_2018_Patrice-600x458.jpg 600w, https:\/\/www.dianeclub-archive.fr\/wp-content\/uploads\/2018\/03\/intercd_2018_Patrice-400x305.jpg 400w, https:\/\/www.dianeclub-archive.fr\/wp-content\/uploads\/2018\/03\/intercd_2018_Patrice.jpg 1080w\" sizes=\"auto, (max-width: 300px) 100vw, 300px\" \/><\/a><\/p>\n<p>Bravo \u00e0 toutes et \u00e0 tous pour votre participation et merci pour cette agr\u00e9able journ\u00e9e pleine de rebondissements.<\/p>\n","protected":false},"excerpt":{"rendered":"<p>Ce dimanche 4 mars avait lieu le concours inter d\u00e9partemental Loire \/ Haute-Loire \u00e0 Saint-Etienne. Le Diane Club a bien entendu r\u00e9pondu \u00e0 l&rsquo;appel du CD42 qui organisait cette manifestation. Isabelle, Sylvie, Fr\u00e9d\u00e9ric, Patrice et Michel sont partis repr\u00e9senter le Diane Club dans leur cat\u00e9gorie respective. Le matin \u00e9tait consacr\u00e9 aux qualifications. \u00c0 la fin [&hellip;]<\/p>\n","protected":false},"author":1,"featured_media":0,"comment_status":"closed","ping_status":"open","sticky":false,"template":"","format":"standard","meta":{"footnotes":""},"categories":[5],"tags":[],"class_list":["post-1089","post","type-post","status-publish","format-standard","hentry","category-concours"],"_links":{"self":[{"href":"https:\/\/www.dianeclub-archive.fr\/index.php?rest_route=\/wp\/v2\/posts\/1089","targetHints":{"allow":["GET"]}}],"collection":[{"href":"https:\/\/www.dianeclub-archive.fr\/index.php?rest_route=\/wp\/v2\/posts"}],"about":[{"href":"https:\/\/www.dianeclub-archive.fr\/index.php?rest_route=\/wp\/v2\/types\/post"}],"author":[{"embeddable":true,"href":"https:\/\/www.dianeclub-archive.fr\/index.php?rest_route=\/wp\/v2\/users\/1"}],"replies":[{"embeddable":true,"href":"https:\/\/www.dianeclub-archive.fr\/index.php?rest_route=%2Fwp%2Fv2%2Fcomments&post=1089"}],"version-history":[{"count":5,"href":"https:\/\/www.dianeclub-archive.fr\/index.php?rest_route=\/wp\/v2\/posts\/1089\/revisions"}],"predecessor-version":[{"id":1099,"href":"https:\/\/www.dianeclub-archive.fr\/index.php?rest_route=\/wp\/v2\/posts\/1089\/revisions\/1099"}],"wp:attachment":[{"href":"https:\/\/www.dianeclub-archive.fr\/index.php?rest_route=%2Fwp%2Fv2%2Fmedia&parent=1089"}],"wp:term":[{"taxonomy":"category","embeddable":true,"href":"https:\/\/www.dianeclub-archive.fr\/index.php?rest_route=%2Fwp%2Fv2%2Fcategories&post=1089"},{"taxonomy":"post_tag","embeddable":true,"href":"https:\/\/www.dianeclub-archive.fr\/index.php?rest_route=%2Fwp%2Fv2%2Ftags&post=1089"}],"curies":[{"name":"wp","href":"https:\/\/api.w.org\/{rel}","templated":true}]}}