{"id":1164,"date":"2018-04-29T23:13:27","date_gmt":"2018-04-29T21:13:27","guid":{"rendered":"http:\/\/www.dianeclub.fr\/?p=1164"},"modified":"2018-05-02T09:24:46","modified_gmt":"2018-05-02T07:24:46","slug":"1ere-manche-du-challenge-regional","status":"publish","type":"post","link":"https:\/\/www.dianeclub-archive.fr\/?p=1164","title":{"rendered":"1\u00e8re manche du Challenge R\u00e9gional"},"content":{"rendered":"<p>Ce dimanche 29 avril avait lieu le premier rendez-vous pour l&rsquo;\u00e9quipe Challenge R\u00e9gional du Diane Club.<\/p>\n<p>7h00 &#8211; Rendez-vous au point de ralliement, la fine \u00e9quipe compos\u00e9e de Fr\u00e9d\u00e9ric, Laurent, Salvatore et Isabelle est au complet, c&rsquo;est le\u00a0d\u00e9part pour Aurec-sur-Loire<br \/>\n7h35 &#8211; Arriv\u00e9e\u00a0au stade d&rsquo;Aurec-sur-Loire avec beaucoup d&rsquo;avance sur l&rsquo;horaire&#8230;<\/p>\n<p>Bref, nous sommes les premiers, nous avons l&#8217;embarras du choix pour monter le campement.<\/p>\n<p>8h00 (ou peut-\u00eatre avant) &#8211; On installe le barnum et on le s\u00e9curise de tous cot\u00e9s, la journ\u00e9e s&rsquo;annonce tr\u00e8s venteuse&#8230; (on a bien fait, \u00e0 peine termin\u00e9 c&rsquo;est le barnum des organisateurs qui se transforme en cerf-volant et nous fait un salto arri\u00e8re&#8230;)<\/p>\n<p><a href=\"http:\/\/www.dianeclub-archive.fr\/wp-content\/uploads\/2018\/04\/barnum.jpg\" target=\"_blank\" rel=\"noopener\"><img loading=\"lazy\" decoding=\"async\" class=\"aligncenter size-medium wp-image-1171\" src=\"http:\/\/www.dianeclub-archive.fr\/wp-content\/uploads\/2018\/04\/barnum-300x273.jpg\" alt=\"\" width=\"300\" height=\"273\" srcset=\"https:\/\/www.dianeclub-archive.fr\/wp-content\/uploads\/2018\/04\/barnum-300x273.jpg 300w, https:\/\/www.dianeclub-archive.fr\/wp-content\/uploads\/2018\/04\/barnum-768x699.jpg 768w, https:\/\/www.dianeclub-archive.fr\/wp-content\/uploads\/2018\/04\/barnum-800x728.jpg 800w, https:\/\/www.dianeclub-archive.fr\/wp-content\/uploads\/2018\/04\/barnum-600x546.jpg 600w, https:\/\/www.dianeclub-archive.fr\/wp-content\/uploads\/2018\/04\/barnum-400x364.jpg 400w, https:\/\/www.dianeclub-archive.fr\/wp-content\/uploads\/2018\/04\/barnum.jpg 1125w\" sizes=\"auto, (max-width: 300px) 100vw, 300px\" \/><\/a><\/p>\n<p>8h10 &#8211; Bon on fait quoi maintenant ? Aller, pause caf\u00e9 et petit d\u00e9jeuner.<br \/>\n9h00 &#8211; On monte les arcs ? c&rsquo;est parti, mais doucement hein, on a le temps \ud83d\ude09<br \/>\n9h10 &#8211; D\u00e9j\u00e0 fini ? Toujours en avance, bon ben re-pause caf\u00e9 \ud83d\ude09<br \/>\n9h30 &#8211; D\u00e9but de l&rsquo;\u00e9chauffement, bon d&rsquo;accord il \u00e9tait bien plus de 9h30, l&rsquo;organisation avait pris un peu de retard&#8230; Mais pas \u00e0 cause de nous \ud83d\ude09<br \/>\n10h10 &#8211; Pause caf\u00e9 ? Non pas le temps, il est l&rsquo;heure d&rsquo;en d\u00e9coudre avec les qualifications.<br \/>\nLe soleil est parmi nous, mais le vent aussi et il souffle en rafale.<br \/>\nC&rsquo;est un beau\u00a0challenge pour une premi\u00e8re comp\u00e9tition \u00e0 50 m pour nos archers novices.<\/p>\n<p><a href=\"http:\/\/www.dianeclub-archive.fr\/wp-content\/uploads\/2018\/04\/Qualifs.jpg\" target=\"_blank\" rel=\"noopener\"><img loading=\"lazy\" decoding=\"async\" class=\"aligncenter size-medium wp-image-1170\" src=\"http:\/\/www.dianeclub-archive.fr\/wp-content\/uploads\/2018\/04\/Qualifs-300x169.jpg\" alt=\"\" width=\"300\" height=\"169\" srcset=\"https:\/\/www.dianeclub-archive.fr\/wp-content\/uploads\/2018\/04\/Qualifs-300x169.jpg 300w, https:\/\/www.dianeclub-archive.fr\/wp-content\/uploads\/2018\/04\/Qualifs-768x432.jpg 768w, https:\/\/www.dianeclub-archive.fr\/wp-content\/uploads\/2018\/04\/Qualifs-800x450.jpg 800w, https:\/\/www.dianeclub-archive.fr\/wp-content\/uploads\/2018\/04\/Qualifs-600x338.jpg 600w, https:\/\/www.dianeclub-archive.fr\/wp-content\/uploads\/2018\/04\/Qualifs-400x225.jpg 400w, https:\/\/www.dianeclub-archive.fr\/wp-content\/uploads\/2018\/04\/Qualifs.jpg 1280w\" sizes=\"auto, (max-width: 300px) 100vw, 300px\" \/><br \/>\n<\/a>C&rsquo;est chaud, tr\u00e8s chaud parfois, pas le soleil hein ! Mais les fl\u00e8ches qui partent dans tous les sens, \u00e0\u00a0droite, \u00e0 gauche, en haut, en bas&#8230; \u00e0 tiens elle est o\u00f9 la fl\u00e8che ?\u00a0Zut dans le gazon, ah ben c&rsquo;est mieux que de rencontrer un poteau en b\u00e9ton&#8230; Oups, j&rsquo;ai gliss\u00e9 chef.<br \/>\n12h45 &#8211; Fin des qualifications, on additionne\u00a0les 3 meilleurs scores de nos 4 archers et on obtient le score de classement par rapport aux autres \u00e9quipes.<br \/>\nLe Diane Club se classe 17\u00e8me.<br \/>\n12h45 toujours &#8211; Il est l&rsquo;heure de reprendre des forces&#8230; Pause caf\u00e9 ? Ben non pause repas \ud83d\ude09<br \/>\n13h15 &#8211; Cette fois c&rsquo;est l&rsquo;heure&#8230; De la pause caf\u00e9 \ud83d\ude09<br \/>\n13h30 &#8211; R\u00e9union des capitaines d&rsquo;\u00e9quipe pour les derni\u00e8res consignes avant les duels. Bon j&rsquo;y vais, peut-\u00eatre qu&rsquo;ils offrent le caf\u00e9 ;-)&#8230; M\u00eame pas, tant pis.<br \/>\n13h45 &#8211; C&rsquo;est l&rsquo;heure des vol\u00e9es d&rsquo;\u00e9chauffement puis des duels<br \/>\nL&rsquo;\u00e9quipe \u00e9tant class\u00e9e 17i\u00e8me, il n&rsquo;y aura qu&rsquo;un seul duel de classement en cas de perte de celui-ci.<br \/>\nNous rencontrons nos amis de Saint-Chamond, et&#8230; ben nous avons perdu \ud83d\ude09<\/p>\n<p><a href=\"http:\/\/www.dianeclub-archive.fr\/wp-content\/uploads\/2018\/04\/duel.jpg\" target=\"_blank\" rel=\"noopener\"><img loading=\"lazy\" decoding=\"async\" class=\"aligncenter size-medium wp-image-1172\" src=\"http:\/\/www.dianeclub-archive.fr\/wp-content\/uploads\/2018\/04\/duel-300x141.jpg\" alt=\"\" width=\"300\" height=\"141\" srcset=\"https:\/\/www.dianeclub-archive.fr\/wp-content\/uploads\/2018\/04\/duel-300x141.jpg 300w, https:\/\/www.dianeclub-archive.fr\/wp-content\/uploads\/2018\/04\/duel-600x283.jpg 600w, https:\/\/www.dianeclub-archive.fr\/wp-content\/uploads\/2018\/04\/duel-400x188.jpg 400w, https:\/\/www.dianeclub-archive.fr\/wp-content\/uploads\/2018\/04\/duel.jpg 726w\" sizes=\"auto, (max-width: 300px) 100vw, 300px\" \/><br \/>\n<\/a>Bon, on les a un peu laiss\u00e9s gagner car on a vu que le pluie arrivait et l&rsquo;on voulait se mettre \u00e0 l&rsquo;abri&#8230;<br \/>\n(Mais non, ils ont juste \u00e9t\u00e9 meilleurs que nous, hein \u00ab\u00a0Saint-Ch&rsquo;mond\u00a0\u00bb on se retrouvera)<\/p>\n<p><a href=\"http:\/\/www.dianeclub-archive.fr\/wp-content\/uploads\/2018\/04\/pluie.jpg\" target=\"_blank\" rel=\"noopener\"><img loading=\"lazy\" decoding=\"async\" class=\"aligncenter size-medium wp-image-1177\" src=\"http:\/\/www.dianeclub-archive.fr\/wp-content\/uploads\/2018\/04\/pluie-300x169.jpg\" alt=\"\" width=\"300\" height=\"169\" srcset=\"https:\/\/www.dianeclub-archive.fr\/wp-content\/uploads\/2018\/04\/pluie-300x169.jpg 300w, https:\/\/www.dianeclub-archive.fr\/wp-content\/uploads\/2018\/04\/pluie-768x432.jpg 768w, https:\/\/www.dianeclub-archive.fr\/wp-content\/uploads\/2018\/04\/pluie-800x450.jpg 800w, https:\/\/www.dianeclub-archive.fr\/wp-content\/uploads\/2018\/04\/pluie-600x338.jpg 600w, https:\/\/www.dianeclub-archive.fr\/wp-content\/uploads\/2018\/04\/pluie-400x225.jpg 400w, https:\/\/www.dianeclub-archive.fr\/wp-content\/uploads\/2018\/04\/pluie.jpg 1280w\" sizes=\"auto, (max-width: 300px) 100vw, 300px\" \/><br \/>\n<\/a><\/p>\n<p>Finalement l&rsquo;\u00e9quipe du Diane Club se classe 17\u00e8me, tout le monde est content de cette premi\u00e8re exp\u00e9rience.<br \/>\nMerci \u00e0 tous pour cette journ\u00e9e pass\u00e9e ensemble et quelle journ\u00e9e \ud83d\ude09<\/p>\n<p>Rendez-vous au 10 juin pour la deuxi\u00e8me manche du Challenge R\u00e9gional qui se passera \u00e0 Monistrol-sur-Loire.<\/p>\n","protected":false},"excerpt":{"rendered":"<p>Ce dimanche 29 avril avait lieu le premier rendez-vous pour l&rsquo;\u00e9quipe Challenge R\u00e9gional du Diane Club. 7h00 &#8211; Rendez-vous au point de ralliement, la fine \u00e9quipe compos\u00e9e de Fr\u00e9d\u00e9ric, Laurent, Salvatore et Isabelle est au complet, c&rsquo;est le\u00a0d\u00e9part pour Aurec-sur-Loire 7h35 &#8211; Arriv\u00e9e\u00a0au stade d&rsquo;Aurec-sur-Loire avec beaucoup d&rsquo;avance sur l&rsquo;horaire&#8230; Bref, nous sommes les premiers, [&hellip;]<\/p>\n","protected":false},"author":1,"featured_media":0,"comment_status":"closed","ping_status":"open","sticky":false,"template":"","format":"standard","meta":{"footnotes":""},"categories":[5],"tags":[],"class_list":["post-1164","post","type-post","status-publish","format-standard","hentry","category-concours"],"_links":{"self":[{"href":"https:\/\/www.dianeclub-archive.fr\/index.php?rest_route=\/wp\/v2\/posts\/1164","targetHints":{"allow":["GET"]}}],"collection":[{"href":"https:\/\/www.dianeclub-archive.fr\/index.php?rest_route=\/wp\/v2\/posts"}],"about":[{"href":"https:\/\/www.dianeclub-archive.fr\/index.php?rest_route=\/wp\/v2\/types\/post"}],"author":[{"embeddable":true,"href":"https:\/\/www.dianeclub-archive.fr\/index.php?rest_route=\/wp\/v2\/users\/1"}],"replies":[{"embeddable":true,"href":"https:\/\/www.dianeclub-archive.fr\/index.php?rest_route=%2Fwp%2Fv2%2Fcomments&post=1164"}],"version-history":[{"count":18,"href":"https:\/\/www.dianeclub-archive.fr\/index.php?rest_route=\/wp\/v2\/posts\/1164\/revisions"}],"predecessor-version":[{"id":1187,"href":"https:\/\/www.dianeclub-archive.fr\/index.php?rest_route=\/wp\/v2\/posts\/1164\/revisions\/1187"}],"wp:attachment":[{"href":"https:\/\/www.dianeclub-archive.fr\/index.php?rest_route=%2Fwp%2Fv2%2Fmedia&parent=1164"}],"wp:term":[{"taxonomy":"category","embeddable":true,"href":"https:\/\/www.dianeclub-archive.fr\/index.php?rest_route=%2Fwp%2Fv2%2Fcategories&post=1164"},{"taxonomy":"post_tag","embeddable":true,"href":"https:\/\/www.dianeclub-archive.fr\/index.php?rest_route=%2Fwp%2Fv2%2Ftags&post=1164"}],"curies":[{"name":"wp","href":"https:\/\/api.w.org\/{rel}","templated":true}]}}