{"id":1568,"date":"2019-04-28T15:01:07","date_gmt":"2019-04-28T13:01:07","guid":{"rendered":"http:\/\/www.dianeclub.fr\/?p=1568"},"modified":"2019-04-28T15:02:14","modified_gmt":"2019-04-28T13:02:14","slug":"challenge-regional-2019-1ere-manche","status":"publish","type":"post","link":"https:\/\/www.dianeclub-archive.fr\/?p=1568","title":{"rendered":"Challenge R\u00e9gional 2019 &#8211; 1\u00e8re manche"},"content":{"rendered":"<p>Samedi 27 avril l&rsquo;\u00e9quipe du diane Club se retrouvait pour la premi\u00e8re manche du Challenge R\u00e9gional organis\u00e9e \u00e0 Aurec-sur-Loire.<\/p>\n<p>7h15 : Rendez-vous sur le parking de co-voiturage. Le ciel est d\u00e9gag\u00e9, conforme \u00e0 la m\u00e9t\u00e9o annonc\u00e9e.<br \/>\n7h25 : D\u00e9part en direction d&rsquo;Aurec-sur-Loire pour une arriv\u00e9e pr\u00e9vue \u00e0 8h00<\/p>\n<p>Apr\u00e8s un trajet un peu rallong\u00e9 pour cause d&rsquo;oubli de prendre les bonnes sorties, nous arriv\u00e2mes \u00e0 Aurec-sur-Loire \u00e0 8h05.<br \/>\nFinalement ce n&rsquo;est pas plus mal car l&rsquo;averse matinale vient juste de prendre fin. Premier faux pas de la m\u00e9t\u00e9o qui n&rsquo;annon\u00e7ait qu&rsquo;un ciel couvert.<\/p>\n<p>L&rsquo;\u00e9quipe s&rsquo;at\u00e8le \u00e0 monter le camp de base.<\/p>\n<p><a href=\"http:\/\/www.dianeclub-archive.fr\/wp-content\/uploads\/2019\/04\/Aurec1.jpg\" target=\"_blank\" rel=\"noopener noreferrer\"><img loading=\"lazy\" decoding=\"async\" class=\"aligncenter size-medium wp-image-1570\" src=\"http:\/\/www.dianeclub-archive.fr\/wp-content\/uploads\/2019\/04\/Aurec1-300x191.jpg\" alt=\"\" width=\"300\" height=\"191\" srcset=\"https:\/\/www.dianeclub-archive.fr\/wp-content\/uploads\/2019\/04\/Aurec1-300x191.jpg 300w, https:\/\/www.dianeclub-archive.fr\/wp-content\/uploads\/2019\/04\/Aurec1-768x489.jpg 768w, https:\/\/www.dianeclub-archive.fr\/wp-content\/uploads\/2019\/04\/Aurec1-800x509.jpg 800w, https:\/\/www.dianeclub-archive.fr\/wp-content\/uploads\/2019\/04\/Aurec1-600x382.jpg 600w, https:\/\/www.dianeclub-archive.fr\/wp-content\/uploads\/2019\/04\/Aurec1-400x255.jpg 400w, https:\/\/www.dianeclub-archive.fr\/wp-content\/uploads\/2019\/04\/Aurec1.jpg 1600w\" sizes=\"auto, (max-width: 300px) 100vw, 300px\" \/><\/a>Comme vous pouvez le remarquer, les nouveaux Tee-shirts du club viennent juste d&rsquo;arriver, on ne pouvait pas faire plus juste comme timing \ud83d\ude09<\/p>\n<p>L&rsquo;\u00e9quipe du jour est constitu\u00e9e de Salvatore, Sylv\u00e8re, Isabelle et Michel.<\/p>\n<p>Le tir de qualification commence \u00e0 10h15. Chaque archer se trouve donc seul face \u00e0 sa cible pour environ 2 heures.<br \/>\nLa m\u00e9t\u00e9o est conforme aux pr\u00e9visions : Des passages nuageux, un peu de soleil et un peu de vent.<br \/>\nA la fin des Qualifications le Diane Club se place en 16e position sur 19 au classement par \u00e9quipe.<br \/>\nLe score total de l&rsquo;\u00e9quipe est calcul\u00e9 en additionnant les 3 meilleurs scores individuels.<br \/>\nF\u00e9licitation \u00e0 Sylv\u00e8re pour son premier concours, il obtient le meilleur score de nous quatre.<\/p>\n<p>Il est grand temps de faire la pause ravitaillement avant les duels.<\/p>\n<p style=\"text-align: center;\">Premier duel gagn\u00e9 contre Caluire 2<br \/>\nDeuxi\u00e8me duel perdu contre Chaponost<\/p>\n<p style=\"text-align: center;\"><a href=\"http:\/\/www.dianeclub-archive.fr\/wp-content\/uploads\/2019\/04\/Aurec2.jpg\" target=\"_blank\" rel=\"noopener noreferrer\"><img loading=\"lazy\" decoding=\"async\" class=\"aligncenter size-medium wp-image-1571\" src=\"http:\/\/www.dianeclub-archive.fr\/wp-content\/uploads\/2019\/04\/Aurec2-300x191.jpg\" alt=\"\" width=\"300\" height=\"191\" srcset=\"https:\/\/www.dianeclub-archive.fr\/wp-content\/uploads\/2019\/04\/Aurec2-300x191.jpg 300w, https:\/\/www.dianeclub-archive.fr\/wp-content\/uploads\/2019\/04\/Aurec2-768x488.jpg 768w, https:\/\/www.dianeclub-archive.fr\/wp-content\/uploads\/2019\/04\/Aurec2-800x509.jpg 800w, https:\/\/www.dianeclub-archive.fr\/wp-content\/uploads\/2019\/04\/Aurec2-600x382.jpg 600w, https:\/\/www.dianeclub-archive.fr\/wp-content\/uploads\/2019\/04\/Aurec2-400x254.jpg 400w, https:\/\/www.dianeclub-archive.fr\/wp-content\/uploads\/2019\/04\/Aurec2.jpg 1470w\" sizes=\"auto, (max-width: 300px) 100vw, 300px\" \/><\/a>Troisi\u00e8me duel gagn\u00e9 contre Vienne<\/p>\n<p style=\"text-align: center;\"><a href=\"http:\/\/www.dianeclub-archive.fr\/wp-content\/uploads\/2019\/04\/Aurec3.jpg\" target=\"_blank\" rel=\"noopener noreferrer\"><img loading=\"lazy\" decoding=\"async\" class=\"aligncenter size-medium wp-image-1572\" src=\"http:\/\/www.dianeclub-archive.fr\/wp-content\/uploads\/2019\/04\/Aurec3-300x191.jpg\" alt=\"\" width=\"300\" height=\"191\" srcset=\"https:\/\/www.dianeclub-archive.fr\/wp-content\/uploads\/2019\/04\/Aurec3-300x191.jpg 300w, https:\/\/www.dianeclub-archive.fr\/wp-content\/uploads\/2019\/04\/Aurec3-768x489.jpg 768w, https:\/\/www.dianeclub-archive.fr\/wp-content\/uploads\/2019\/04\/Aurec3-800x509.jpg 800w, https:\/\/www.dianeclub-archive.fr\/wp-content\/uploads\/2019\/04\/Aurec3-600x382.jpg 600w, https:\/\/www.dianeclub-archive.fr\/wp-content\/uploads\/2019\/04\/Aurec3-400x255.jpg 400w, https:\/\/www.dianeclub-archive.fr\/wp-content\/uploads\/2019\/04\/Aurec3.jpg 1600w\" sizes=\"auto, (max-width: 300px) 100vw, 300px\" \/><\/a>Quatri\u00e8me duel perdu contre Unieux<\/p>\n<p style=\"text-align: center;\">Cinqui\u00e8me duel perdu contre Givors<\/p>\n<p>Aux termes des duels l&rsquo;\u00e9quipe du Diane Club termine finalement 12e.<\/p>\n<p>Bravo \u00e0 tous, merci d&rsquo;avoir repr\u00e9sent\u00e9 le club dans la joie et la bonne humeur, malgr\u00e9 des conditions m\u00e9t\u00e9o pas toujours agr\u00e9ables !!!<br \/>\nMais il faut bien souligner que l&rsquo;\u00e9quipe \u00e0 \u00e9t\u00e9 plus performante sous la pluie \ud83d\ude09<\/p>\n<p>Prochain rendez-vous le samedi 1er juin \u00e0 Villeurbanne.<\/p>\n<p>&nbsp;<\/p>\n","protected":false},"excerpt":{"rendered":"<p>Samedi 27 avril l&rsquo;\u00e9quipe du diane Club se retrouvait pour la premi\u00e8re manche du Challenge R\u00e9gional organis\u00e9e \u00e0 Aurec-sur-Loire. 7h15 : Rendez-vous sur le parking de co-voiturage. Le ciel est d\u00e9gag\u00e9, conforme \u00e0 la m\u00e9t\u00e9o annonc\u00e9e. 7h25 : D\u00e9part en direction d&rsquo;Aurec-sur-Loire pour une arriv\u00e9e pr\u00e9vue \u00e0 8h00 Apr\u00e8s un trajet un peu rallong\u00e9 pour [&hellip;]<\/p>\n","protected":false},"author":1,"featured_media":0,"comment_status":"closed","ping_status":"open","sticky":false,"template":"","format":"standard","meta":{"footnotes":""},"categories":[5],"tags":[],"class_list":["post-1568","post","type-post","status-publish","format-standard","hentry","category-concours"],"_links":{"self":[{"href":"https:\/\/www.dianeclub-archive.fr\/index.php?rest_route=\/wp\/v2\/posts\/1568","targetHints":{"allow":["GET"]}}],"collection":[{"href":"https:\/\/www.dianeclub-archive.fr\/index.php?rest_route=\/wp\/v2\/posts"}],"about":[{"href":"https:\/\/www.dianeclub-archive.fr\/index.php?rest_route=\/wp\/v2\/types\/post"}],"author":[{"embeddable":true,"href":"https:\/\/www.dianeclub-archive.fr\/index.php?rest_route=\/wp\/v2\/users\/1"}],"replies":[{"embeddable":true,"href":"https:\/\/www.dianeclub-archive.fr\/index.php?rest_route=%2Fwp%2Fv2%2Fcomments&post=1568"}],"version-history":[{"count":16,"href":"https:\/\/www.dianeclub-archive.fr\/index.php?rest_route=\/wp\/v2\/posts\/1568\/revisions"}],"predecessor-version":[{"id":1587,"href":"https:\/\/www.dianeclub-archive.fr\/index.php?rest_route=\/wp\/v2\/posts\/1568\/revisions\/1587"}],"wp:attachment":[{"href":"https:\/\/www.dianeclub-archive.fr\/index.php?rest_route=%2Fwp%2Fv2%2Fmedia&parent=1568"}],"wp:term":[{"taxonomy":"category","embeddable":true,"href":"https:\/\/www.dianeclub-archive.fr\/index.php?rest_route=%2Fwp%2Fv2%2Fcategories&post=1568"},{"taxonomy":"post_tag","embeddable":true,"href":"https:\/\/www.dianeclub-archive.fr\/index.php?rest_route=%2Fwp%2Fv2%2Ftags&post=1568"}],"curies":[{"name":"wp","href":"https:\/\/api.w.org\/{rel}","templated":true}]}}