{"id":1616,"date":"2019-06-01T23:43:33","date_gmt":"2019-06-01T21:43:33","guid":{"rendered":"http:\/\/www.dianeclub.fr\/?p=1616"},"modified":"2019-06-28T13:52:15","modified_gmt":"2019-06-28T11:52:15","slug":"challenge-regional-acte-ii","status":"publish","type":"post","link":"https:\/\/www.dianeclub-archive.fr\/?p=1616","title":{"rendered":"Challenge R\u00e9gional, acte II"},"content":{"rendered":"<p>Ce samedi 1er juin annon\u00e7ait l&rsquo;arriv\u00e9e d&rsquo;une super m\u00e9t\u00e9o, mais aussi la deuxi\u00e8me manche du challenge r\u00e9gional.<\/p>\n<p>L&rsquo;\u00e9quipe compos\u00e9e de Isabelle, Fred, Salvatore, Sylv\u00e8re et de Michel comme coach s&rsquo;est donn\u00e9 rendez-vous au parking habituel puis direction Villeurbanne.<\/p>\n<p>Premi\u00e8re difficult\u00e9 de la journ\u00e9e, rejoindre le stade en \u00e9vitant de passer par le pont de Givors ferm\u00e9 ce week-end pour travaux.<\/p>\n<p>Le trajet s&rsquo;\u00e9tant effectu\u00e9 sans encombre, l&rsquo;\u00e9quipe est arriv\u00e9e \u00e0 7h45 sur le site.<\/p>\n<p>Premi\u00e8re \u00e9tape : Installation du camp de base, montage de l&rsquo;abri et du mat\u00e9riel de tir.<\/p>\n<p>9h00 : D\u00e9but de l&rsquo;\u00e9chauffement.<br \/>\n9h35 : D\u00e9but des tir en rythme ABC<\/p>\n<p>10h45 : Fin de la premi\u00e8re s\u00e9rie des qualifs. L&rsquo;\u00e9quipe du Diane Club se situe \u00e0 la 13i\u00e8me place du classement provisoire.<br \/>\n&#8211; Fred fini \u00e0 256 pts<br \/>\n&#8211; Isa \u00e0 234 pts<br \/>\n&#8211; Salvatore \u00e0 230 pts<br \/>\n&#8211; Sylv\u00e8re \u00e0 280 pts<br \/>\n&#8211; Michel \u00e0 263 pts<\/p>\n<p>10h55 : Fin de la phase de qualification, l&rsquo;\u00e9quipe reste \u00e0 la 13i\u00e8me place<br \/>\n&#8211; Fred fini cette s\u00e9rie avec 261 pts et termine la qualif avec 517 pts<br \/>\n&#8211; Isa avec 210 pts et un total de 444 pts<br \/>\n&#8211; Salvatore avec 231 pts et un total de 461 pts<br \/>\n&#8211; Sylv\u00e8re avec 276 pts et un total de 556 pts<br \/>\n&#8211; Michel avec 272 pts et un total de 535 pts<\/p>\n<p>Vient le temps de la pause de midi et surtout du ravitaillement. Il est temps aussi de se rafra\u00eechir car la chaleur est devenue vraiment forte.<\/p>\n<p>13h30 : D\u00e9but de l&rsquo;\u00e9chauffement pour les matches de la phase finale.<br \/>\nApr\u00e8s une vol\u00e9e d&rsquo;\u00e9chauffement, Fred s&rsquo;est vu exclure de l&rsquo;\u00e9quipe par les arbitres pour tenue non identique avec les autres membres.<br \/>\nL&rsquo;\u00e9quipe pour la phase finale sera donc compos\u00e9e de Isabelle, Salvatore et Sylv\u00e8re, Michel ayant tir\u00e9 en individuel le matin ne pourra pas int\u00e9grer l&rsquo;\u00e9quipe. L&rsquo;\u00e9quipe compos\u00e9e de 4 archers inscrite avant les qualifs ne peut changer par la suite.<\/p>\n<p>Au cours de ses 4 matches, l&rsquo;\u00e9quipe rencontrera Saint-Julie, Vienne, Chaponost, Saint-Etienne.<br \/>\nL&rsquo;\u00e9quipe ne remportera aucun match, m\u00eame si certains ont \u00e9t\u00e9 serr\u00e9s.<\/p>\n<p>L&rsquo;\u00e9quipe termine \u00e0 la 16i\u00e8me place \u00e0 la fin de cette tr\u00e8s chaude journ\u00e9e.<\/p>\n<p><a href=\"http:\/\/www.dianeclub-archive.fr\/wp-content\/uploads\/2019\/06\/CRM2.jpg\" target=\"_blank\" rel=\"noopener noreferrer\"><img loading=\"lazy\" decoding=\"async\" class=\"aligncenter wp-image-1625 size-full\" src=\"http:\/\/www.dianeclub-archive.fr\/wp-content\/uploads\/2019\/06\/CRM2.2.jpg\" alt=\"\" width=\"500\" height=\"57\" srcset=\"https:\/\/www.dianeclub-archive.fr\/wp-content\/uploads\/2019\/06\/CRM2.2.jpg 500w, https:\/\/www.dianeclub-archive.fr\/wp-content\/uploads\/2019\/06\/CRM2.2-300x34.jpg 300w, https:\/\/www.dianeclub-archive.fr\/wp-content\/uploads\/2019\/06\/CRM2.2-400x46.jpg 400w\" sizes=\"auto, (max-width: 500px) 100vw, 500px\" \/><\/a><\/p>\n<p>Au terme des deux manches l&rsquo;\u00e9quipe termine \u00e0 la 15i\u00e8me place de son groupe sur 19 \u00e9quipes.<\/p>\n<p>Merci \u00e0 toute l&rsquo;\u00e9quipe.<\/p>\n<p>Notez nos prochains rendez-vous, le samedi 29 juin pour le Barbecue de fin de saison et le 05 juillet pour la f\u00eate champ\u00eatre de Ch\u00e2teauneuf.<\/p>\n","protected":false},"excerpt":{"rendered":"<p>Ce samedi 1er juin annon\u00e7ait l&rsquo;arriv\u00e9e d&rsquo;une super m\u00e9t\u00e9o, mais aussi la deuxi\u00e8me manche du challenge r\u00e9gional. L&rsquo;\u00e9quipe compos\u00e9e de Isabelle, Fred, Salvatore, Sylv\u00e8re et de Michel comme coach s&rsquo;est donn\u00e9 rendez-vous au parking habituel puis direction Villeurbanne. Premi\u00e8re difficult\u00e9 de la journ\u00e9e, rejoindre le stade en \u00e9vitant de passer par le pont de Givors [&hellip;]<\/p>\n","protected":false},"author":1,"featured_media":0,"comment_status":"closed","ping_status":"open","sticky":false,"template":"","format":"standard","meta":{"footnotes":""},"categories":[6,5],"tags":[],"class_list":["post-1616","post","type-post","status-publish","format-standard","hentry","category-activite-du-club","category-concours"],"_links":{"self":[{"href":"https:\/\/www.dianeclub-archive.fr\/index.php?rest_route=\/wp\/v2\/posts\/1616","targetHints":{"allow":["GET"]}}],"collection":[{"href":"https:\/\/www.dianeclub-archive.fr\/index.php?rest_route=\/wp\/v2\/posts"}],"about":[{"href":"https:\/\/www.dianeclub-archive.fr\/index.php?rest_route=\/wp\/v2\/types\/post"}],"author":[{"embeddable":true,"href":"https:\/\/www.dianeclub-archive.fr\/index.php?rest_route=\/wp\/v2\/users\/1"}],"replies":[{"embeddable":true,"href":"https:\/\/www.dianeclub-archive.fr\/index.php?rest_route=%2Fwp%2Fv2%2Fcomments&post=1616"}],"version-history":[{"count":12,"href":"https:\/\/www.dianeclub-archive.fr\/index.php?rest_route=\/wp\/v2\/posts\/1616\/revisions"}],"predecessor-version":[{"id":1654,"href":"https:\/\/www.dianeclub-archive.fr\/index.php?rest_route=\/wp\/v2\/posts\/1616\/revisions\/1654"}],"wp:attachment":[{"href":"https:\/\/www.dianeclub-archive.fr\/index.php?rest_route=%2Fwp%2Fv2%2Fmedia&parent=1616"}],"wp:term":[{"taxonomy":"category","embeddable":true,"href":"https:\/\/www.dianeclub-archive.fr\/index.php?rest_route=%2Fwp%2Fv2%2Fcategories&post=1616"},{"taxonomy":"post_tag","embeddable":true,"href":"https:\/\/www.dianeclub-archive.fr\/index.php?rest_route=%2Fwp%2Fv2%2Ftags&post=1616"}],"curies":[{"name":"wp","href":"https:\/\/api.w.org\/{rel}","templated":true}]}}