{"id":439,"date":"2015-05-03T19:08:56","date_gmt":"2015-05-03T17:08:56","guid":{"rendered":"http:\/\/www.dianeclub.fr\/?p=439"},"modified":"2015-05-07T15:11:34","modified_gmt":"2015-05-07T13:11:34","slug":"1ere-manche-dre","status":"publish","type":"post","link":"https:\/\/www.dianeclub-archive.fr\/?p=439","title":{"rendered":"1\u00e8re Manche de DRE"},"content":{"rendered":"<p>En ce dimanche 3 Mai, c&rsquo;est au tour de l&rsquo;\u00e9quipe DRE d&rsquo;entrer dans la danse pour la premi\u00e8re manche de la DRE qui se d\u00e9roulait\u00a0\u00e0 Lozanne.<\/p>\n<p>L&rsquo;\u00e9quipe compos\u00e9e de J\u00e9r\u00f4me, Guy, Patrice et S\u00e9bastien se classe 15\u00e8me au terme des qualifications.<\/p>\n<p>Puis vient le temps des matches :<br \/>\n&#8211; 1er match perdu 6-2 contre Annecy (2\u00e8me)<br \/>\n&#8211; 2\u00e8me perdu aussi\u00a0contre La Mure (7\u00e8me)<br \/>\n&#8211; 3\u00e8me gagn\u00e9\u00a0contre L&rsquo;Isle d&rsquo;Abeau (10\u00e8me) 6-0.<\/p>\n<p>L&rsquo;\u00e9quipe se classe finalement 12\u00e8me sur les 16 \u00e9quipes engag\u00e9es.<br \/>\nProchain rendez-vous pour la 2\u00e8me manche de la DRE, le dimanche 24\u00a0Mai \u00e0 Chaponost.<\/p>\n<p>Merci \u00e0 tous les membres de l&rsquo;\u00e9quipe.<\/p>\n<p><a href=\"http:\/\/www.dianeclub-archive.fr\/wp-content\/uploads\/2015\/05\/Equipe_DRE.jpeg\" target=\"_blank\"><img loading=\"lazy\" decoding=\"async\" class=\"aligncenter size-medium wp-image-440\" src=\"http:\/\/www.dianeclub-archive.fr\/wp-content\/uploads\/2015\/05\/Equipe_DRE-300x169.jpeg\" alt=\"Equipe_DRE\" width=\"300\" height=\"169\" srcset=\"https:\/\/www.dianeclub-archive.fr\/wp-content\/uploads\/2015\/05\/Equipe_DRE-300x169.jpeg 300w, https:\/\/www.dianeclub-archive.fr\/wp-content\/uploads\/2015\/05\/Equipe_DRE-1024x576.jpeg 1024w, https:\/\/www.dianeclub-archive.fr\/wp-content\/uploads\/2015\/05\/Equipe_DRE-600x338.jpeg 600w, https:\/\/www.dianeclub-archive.fr\/wp-content\/uploads\/2015\/05\/Equipe_DRE-400x225.jpeg 400w, https:\/\/www.dianeclub-archive.fr\/wp-content\/uploads\/2015\/05\/Equipe_DRE.jpeg 1920w\" sizes=\"auto, (max-width: 300px) 100vw, 300px\" \/><\/a><\/p>\n<p style=\"text-align: center;\"><span style=\"font-size: 14pt;\"><a href=\"http:\/\/www.tirarc-rhonealpes.fr\/images\/docs\/Tir-Cible-Equipe\/DRE\/Info-Saison-En-Cours\/Classements%20DR%20Excellence%202015.pdf\" target=\"_blank\">Voir le classement provisoire de la DRE<\/a>\u00a0<\/span><\/p>\n","protected":false},"excerpt":{"rendered":"<p>En ce dimanche 3 Mai, c&rsquo;est au tour de l&rsquo;\u00e9quipe DRE d&rsquo;entrer dans la danse pour la premi\u00e8re manche de la DRE qui se d\u00e9roulait\u00a0\u00e0 Lozanne. L&rsquo;\u00e9quipe compos\u00e9e de J\u00e9r\u00f4me, Guy, Patrice et S\u00e9bastien se classe 15\u00e8me au terme des qualifications. Puis vient le temps des matches : &#8211; 1er match perdu 6-2 contre Annecy [&hellip;]<\/p>\n","protected":false},"author":1,"featured_media":0,"comment_status":"closed","ping_status":"open","sticky":false,"template":"","format":"standard","meta":{"footnotes":""},"categories":[5],"tags":[],"class_list":["post-439","post","type-post","status-publish","format-standard","hentry","category-concours"],"_links":{"self":[{"href":"https:\/\/www.dianeclub-archive.fr\/index.php?rest_route=\/wp\/v2\/posts\/439","targetHints":{"allow":["GET"]}}],"collection":[{"href":"https:\/\/www.dianeclub-archive.fr\/index.php?rest_route=\/wp\/v2\/posts"}],"about":[{"href":"https:\/\/www.dianeclub-archive.fr\/index.php?rest_route=\/wp\/v2\/types\/post"}],"author":[{"embeddable":true,"href":"https:\/\/www.dianeclub-archive.fr\/index.php?rest_route=\/wp\/v2\/users\/1"}],"replies":[{"embeddable":true,"href":"https:\/\/www.dianeclub-archive.fr\/index.php?rest_route=%2Fwp%2Fv2%2Fcomments&post=439"}],"version-history":[{"count":4,"href":"https:\/\/www.dianeclub-archive.fr\/index.php?rest_route=\/wp\/v2\/posts\/439\/revisions"}],"predecessor-version":[{"id":449,"href":"https:\/\/www.dianeclub-archive.fr\/index.php?rest_route=\/wp\/v2\/posts\/439\/revisions\/449"}],"wp:attachment":[{"href":"https:\/\/www.dianeclub-archive.fr\/index.php?rest_route=%2Fwp%2Fv2%2Fmedia&parent=439"}],"wp:term":[{"taxonomy":"category","embeddable":true,"href":"https:\/\/www.dianeclub-archive.fr\/index.php?rest_route=%2Fwp%2Fv2%2Fcategories&post=439"},{"taxonomy":"post_tag","embeddable":true,"href":"https:\/\/www.dianeclub-archive.fr\/index.php?rest_route=%2Fwp%2Fv2%2Ftags&post=439"}],"curies":[{"name":"wp","href":"https:\/\/api.w.org\/{rel}","templated":true}]}}