{"id":464,"date":"2015-05-17T21:40:13","date_gmt":"2015-05-17T19:40:13","guid":{"rendered":"http:\/\/www.dianeclub.fr\/?p=464"},"modified":"2015-05-31T23:15:39","modified_gmt":"2015-05-31T21:15:39","slug":"2eme-manche-de-dr","status":"publish","type":"post","link":"https:\/\/www.dianeclub-archive.fr\/?p=464","title":{"rendered":"2\u00e8me Manche de DR"},"content":{"rendered":"<p>Ce Samedi 16 mai avait lieu la 2\u00e8me manche de DR \u00e0 Saint-Priest.<\/p>\n<p>Il f\u00fbt encore tr\u00e8s difficile pour le Diane Club de pouvoir composer une \u00e9quipe \u00e0 pr\u00e9senter \u00e0 cette \u00e9tape.<br \/>\nC&rsquo;est au terme d&rsquo;un d\u00fbr entra\u00eenement de 18 fl\u00e8ches sous la pluie, apr\u00e8s un an d&rsquo;arr\u00eat que Guy s&rsquo;est vu d\u00e9sign\u00e9 volontaire d&rsquo;office pour venir rejoindre l&rsquo;\u00e9quipe d\u00e9j\u00e0 compos\u00e9e de Michel et Patrice.<\/p>\n<p>Au terme des qualifications, l&rsquo;\u00e9quipe se classe \u00e0 la 34\u00e8me place qu&rsquo;elle gardera jusqu&rsquo;\u00e0 la fin de cette manche.<\/p>\n<p>Apr\u00e8s cette 2\u00e8me journ\u00e9e, l&rsquo;\u00e9quipe pointe \u00e0 la 25\u00e8me place du classement g\u00e9n\u00e9ral de la DR.<\/p>\n<p>Merci \u00e0 nos valeureux archers d&rsquo;avoir d\u00e9fendu les couleurs du Diane Club.<\/p>\n<p>Liens:<br \/>\n<a href=\"http:\/\/audouard.net\/aecsp\/IMG\/pdf\/etat_resultat_equipe2_federal.pdf\" target=\"_blank\">Classement apr\u00e8s les Qualifications<\/a><br \/>\n<a href=\"http:\/\/tirarc-rhonealpes.fr\/wp-content\/uploads\/2015\/05\/2015-Classements-DRM-apres-manche-2.pdf\" target=\"_blank\">Classement g\u00e9n\u00e9ral de la DR apr\u00e8s la deuxi\u00e8me manche <\/a><\/p>\n","protected":false},"excerpt":{"rendered":"<p>Ce Samedi 16 mai avait lieu la 2\u00e8me manche de DR \u00e0 Saint-Priest. Il f\u00fbt encore tr\u00e8s difficile pour le Diane Club de pouvoir composer une \u00e9quipe \u00e0 pr\u00e9senter \u00e0 cette \u00e9tape. C&rsquo;est au terme d&rsquo;un d\u00fbr entra\u00eenement de 18 fl\u00e8ches sous la pluie, apr\u00e8s un an d&rsquo;arr\u00eat que Guy s&rsquo;est vu d\u00e9sign\u00e9 volontaire d&rsquo;office [&hellip;]<\/p>\n","protected":false},"author":1,"featured_media":0,"comment_status":"closed","ping_status":"open","sticky":false,"template":"","format":"standard","meta":{"footnotes":""},"categories":[5],"tags":[],"class_list":["post-464","post","type-post","status-publish","format-standard","hentry","category-concours"],"_links":{"self":[{"href":"https:\/\/www.dianeclub-archive.fr\/index.php?rest_route=\/wp\/v2\/posts\/464","targetHints":{"allow":["GET"]}}],"collection":[{"href":"https:\/\/www.dianeclub-archive.fr\/index.php?rest_route=\/wp\/v2\/posts"}],"about":[{"href":"https:\/\/www.dianeclub-archive.fr\/index.php?rest_route=\/wp\/v2\/types\/post"}],"author":[{"embeddable":true,"href":"https:\/\/www.dianeclub-archive.fr\/index.php?rest_route=\/wp\/v2\/users\/1"}],"replies":[{"embeddable":true,"href":"https:\/\/www.dianeclub-archive.fr\/index.php?rest_route=%2Fwp%2Fv2%2Fcomments&post=464"}],"version-history":[{"count":2,"href":"https:\/\/www.dianeclub-archive.fr\/index.php?rest_route=\/wp\/v2\/posts\/464\/revisions"}],"predecessor-version":[{"id":474,"href":"https:\/\/www.dianeclub-archive.fr\/index.php?rest_route=\/wp\/v2\/posts\/464\/revisions\/474"}],"wp:attachment":[{"href":"https:\/\/www.dianeclub-archive.fr\/index.php?rest_route=%2Fwp%2Fv2%2Fmedia&parent=464"}],"wp:term":[{"taxonomy":"category","embeddable":true,"href":"https:\/\/www.dianeclub-archive.fr\/index.php?rest_route=%2Fwp%2Fv2%2Fcategories&post=464"},{"taxonomy":"post_tag","embeddable":true,"href":"https:\/\/www.dianeclub-archive.fr\/index.php?rest_route=%2Fwp%2Fv2%2Ftags&post=464"}],"curies":[{"name":"wp","href":"https:\/\/api.w.org\/{rel}","templated":true}]}}